{"id":126,"date":"2022-07-27T13:09:48","date_gmt":"2022-07-27T11:09:48","guid":{"rendered":"https:\/\/wp21.landwirt.com\/landtechnik\/?p=126"},"modified":"2022-10-11T09:13:50","modified_gmt":"2022-10-11T07:13:50","slug":"husqvarna-automower","status":"publish","type":"post","link":"https:\/\/www.wingelhofer.at\/landtechnik\/rasen-wald\/husqvarna-automower\/","title":{"rendered":"Husqvarna Automower"},"content":{"rendered":"<div class='flex_column av-1xzxou-fc67e2b2ff8739f9b27e9c3954bd37fa av_one_full  avia-builder-el-0  el_before_av_one_half  avia-builder-el-first  first flex_column_div '   ><p>\n<style type=\"text\/css\" data-created_by=\"avia_inline_auto\" id=\"style-css-av-l8jzjp5v-8ab927795b72b187c4adbff8c04452fc\">\n#top .av-special-heading.av-l8jzjp5v-8ab927795b72b187c4adbff8c04452fc{\npadding-bottom:10px;\n}\nbody .av-special-heading.av-l8jzjp5v-8ab927795b72b187c4adbff8c04452fc .av-special-heading-tag .heading-char{\nfont-size:25px;\n}\n.av-special-heading.av-l8jzjp5v-8ab927795b72b187c4adbff8c04452fc .av-subheading{\nfont-size:15px;\n}\n<\/style>\n<div  class='av-special-heading av-l8jzjp5v-8ab927795b72b187c4adbff8c04452fc av-special-heading-h1 blockquote modern-quote modern-centered  avia-builder-el-1  el_before_av_textblock  avia-builder-el-first '><h1 class='av-special-heading-tag'  itemprop=\"headline\"  >Husqvarna Automower<\/h1><div class=\"special-heading-border\"><div class=\"special-heading-inner-border\"><\/div><\/div><\/div><br \/>\n<section  class='av_textblock_section av-l63i2ztz-a45a167eb8851c22117ed41f8743c1ec'  itemscope=\"itemscope\" itemtype=\"https:\/\/schema.org\/BlogPosting\" itemprop=\"blogPost\" ><div class='avia_textblock'  itemprop=\"text\" ><p>Husqvarna Automower ist Ihr intelligenter, zuverl\u00e4ssiger Partner im Garten, von den weltweit f\u00fchrenden Anbietern von M\u00e4hrobotern. Automower m\u00e4ht Ihren Rasen bei Tag und Nacht, bei Regen und Sonnenschein. Bei Kauf des M\u00e4hers, Installation, Wartung und Einwinterung des M\u00e4hers stehen Ihnen unsere ausgebildeten Husqvarna Automower Fachh\u00e4ndler mit Rat und Tat zur Seite.<br \/>\nSie k\u00f6nnen sich ab dann Tag f\u00fcr Tag \u00fcber einen perfekt gem\u00e4hten und sichtbar gesunden Rasen freuen und haben mehr Zeit f\u00fcr andere Aktivit\u00e4ten.<\/p>\n<\/div><\/section><br \/>\n<div id='av-masonry-1' class='av-masonry av-l8jzkye4-8d2de37ae22ec56a57e20f836870fa6b noHover av-fixed-size av-large-gap av-hover-overlay-active av-masonry-animation-active av-masonry-col-4 av-caption-always av-caption-style- av-masonry-gallery '><div class=\"av-masonry-container isotope av-js-disabled\"><div class='av-masonry-entry isotope-item av-masonry-item-no-image '><\/div><a href=\"https:\/\/www.wingelhofer.at\/landtechnik\/wp-content\/uploads\/sites\/2\/2022\/07\/Husqvarna_Schauraum9-1.jpg\" data-srcset=\"https:\/\/www.wingelhofer.at\/landtechnik\/wp-content\/uploads\/sites\/2\/2022\/07\/Husqvarna_Schauraum9-1.jpg 640w, https:\/\/www.wingelhofer.at\/landtechnik\/wp-content\/uploads\/sites\/2\/2022\/07\/Husqvarna_Schauraum9-1-300x225.jpg 300w\" data-sizes=\"(max-width: 640px) 100vw, 640px\"  aria-label=\"image Husqvarna_Schauraum9\"  id='av-masonry-1-item-127' data-av-masonry-item='127' class='av-masonry-entry isotope-item post-127 attachment type-attachment status-inherit hentry  av-masonry-item-with-image' title=\"\" alt=\"\"   itemprop=\"thumbnailUrl\" ><div class='av-inner-masonry-sizer'><\/div><figure class='av-inner-masonry main_color'><div class=\"av-masonry-outerimage-container\"><div class='av-masonry-image-container' style=\"background-image: url(https:\/\/www.wingelhofer.at\/landtechnik\/wp-content\/uploads\/sites\/2\/2022\/07\/Husqvarna_Schauraum9-1.jpg);\"  title=\"Husqvarna_Schauraum9\"  ><\/div><\/div><\/figure><\/a><!--end av-masonry entry--><a href=\"https:\/\/www.wingelhofer.at\/landtechnik\/wp-content\/uploads\/sites\/2\/2022\/07\/Husqvarna_Schauraum10-1.jpg\" data-srcset=\"https:\/\/www.wingelhofer.at\/landtechnik\/wp-content\/uploads\/sites\/2\/2022\/07\/Husqvarna_Schauraum10-1.jpg 640w, https:\/\/www.wingelhofer.at\/landtechnik\/wp-content\/uploads\/sites\/2\/2022\/07\/Husqvarna_Schauraum10-1-300x225.jpg 300w\" data-sizes=\"(max-width: 640px) 100vw, 640px\"  aria-label=\"image Husqvarna_Schauraum10\"  id='av-masonry-1-item-128' data-av-masonry-item='128' class='av-masonry-entry isotope-item post-128 attachment type-attachment status-inherit hentry  av-masonry-item-with-image' title=\"\" alt=\"\"   itemprop=\"thumbnailUrl\" ><div class='av-inner-masonry-sizer'><\/div><figure class='av-inner-masonry main_color'><div class=\"av-masonry-outerimage-container\"><div class='av-masonry-image-container' style=\"background-image: url(https:\/\/www.wingelhofer.at\/landtechnik\/wp-content\/uploads\/sites\/2\/2022\/07\/Husqvarna_Schauraum10-1.jpg);\"  title=\"Husqvarna_Schauraum10\"  ><\/div><\/div><\/figure><\/a><!--end av-masonry entry--><\/div><\/div><\/p><\/div>\n<div class='flex_column_table av-4eivy-d9f93f6ca548047830db1135055cfd88 sc-av_one_half av-break-at-tablet-flextable av-equal-height-column-flextable'>\n<style type=\"text\/css\" data-created_by=\"avia_inline_auto\" id=\"style-css-av-4eivy-d9f93f6ca548047830db1135055cfd88\">\n#top .flex_column_table.av-equal-height-column-flextable.av-4eivy-d9f93f6ca548047830db1135055cfd88{\nmargin-top:0px;\nmargin-bottom:0px;\n}\n<\/style>\n<div class='flex_column av-4eivy-d9f93f6ca548047830db1135055cfd88 av_one_half  avia-builder-el-4  el_after_av_one_full  el_before_av_one_half  first no_margin av-break-at-tablet flex_column_table_cell av-equal-height-column av-align-middle column-top-margin'   ><style type=\"text\/css\" data-created_by=\"avia_inline_auto\" id=\"style-css-av-l63i4sd0-60e442e047dfbfebe4d2b5ca524cd5f6\">\n.avia-image-container.av-l63i4sd0-60e442e047dfbfebe4d2b5ca524cd5f6 .av-image-caption-overlay-center{\ncolor:#ffffff;\n}\n<\/style>\n<div  class='avia-image-container av-l63i4sd0-60e442e047dfbfebe4d2b5ca524cd5f6 av-styling- avia-align-center  avia-builder-el-5  avia-builder-el-no-sibling '  itemprop=\"image\" itemscope=\"itemscope\" itemtype=\"https:\/\/schema.org\/ImageObject\" ><div class=\"avia-image-container-inner\"><div class=\"avia-image-overlay-wrap\"><img decoding=\"async\" class='wp-image-129 avia-img-lazy-loading-not-129 avia_image' src=\"https:\/\/www.wingelhofer.at\/landtechnik\/wp-content\/uploads\/sites\/2\/2022\/07\/csm_H310-1610_f84a0bed0b.png\" alt='' title='csm_H310-1610_f84a0bed0b'  height=\"627\" width=\"1200\"  itemprop=\"thumbnailUrl\" srcset=\"https:\/\/www.wingelhofer.at\/landtechnik\/wp-content\/uploads\/sites\/2\/2022\/07\/csm_H310-1610_f84a0bed0b.png 1200w, https:\/\/www.wingelhofer.at\/landtechnik\/wp-content\/uploads\/sites\/2\/2022\/07\/csm_H310-1610_f84a0bed0b-300x157.png 300w, https:\/\/www.wingelhofer.at\/landtechnik\/wp-content\/uploads\/sites\/2\/2022\/07\/csm_H310-1610_f84a0bed0b-1030x538.png 1030w, https:\/\/www.wingelhofer.at\/landtechnik\/wp-content\/uploads\/sites\/2\/2022\/07\/csm_H310-1610_f84a0bed0b-768x401.png 768w, https:\/\/www.wingelhofer.at\/landtechnik\/wp-content\/uploads\/sites\/2\/2022\/07\/csm_H310-1610_f84a0bed0b-705x368.png 705w\" sizes=\"(max-width: 1200px) 100vw, 1200px\" \/><\/div><\/div><\/div><\/div>\n\n<style type=\"text\/css\" data-created_by=\"avia_inline_auto\" id=\"style-css-av-11g94u-989c0d1d333d2650f61429225841c664\">\n#top .flex_column_table.av-equal-height-column-flextable.av-11g94u-989c0d1d333d2650f61429225841c664{\nmargin-top:0px;\nmargin-bottom:0px;\n}\n.flex_column.av-11g94u-989c0d1d333d2650f61429225841c664{\npadding:1% 1% 1% 1%;\nbackground-color:#e2e2e2;\n}\n<\/style>\n<div class='flex_column av-11g94u-989c0d1d333d2650f61429225841c664 av_one_half  avia-builder-el-6  el_after_av_one_half  el_before_av_one_half  no_margin av-break-at-tablet flex_column_table_cell av-equal-height-column av-align-middle column-top-margin'   ><p>\n<style type=\"text\/css\" data-created_by=\"avia_inline_auto\" id=\"style-css-av-l63i5fiq-4d4936af7f241101cd79d5d66eeca043\">\n#top .av-special-heading.av-l63i5fiq-4d4936af7f241101cd79d5d66eeca043{\npadding-bottom:10px;\n}\nbody .av-special-heading.av-l63i5fiq-4d4936af7f241101cd79d5d66eeca043 .av-special-heading-tag .heading-char{\nfont-size:25px;\n}\n.av-special-heading.av-l63i5fiq-4d4936af7f241101cd79d5d66eeca043 .av-subheading{\nfont-size:15px;\n}\n<\/style>\n<div  class='av-special-heading av-l63i5fiq-4d4936af7f241101cd79d5d66eeca043 av-special-heading-h2 blockquote modern-quote  avia-builder-el-7  el_before_av_textblock  avia-builder-el-first '><h2 class='av-special-heading-tag'  itemprop=\"headline\"  >Husqvarna 315X<\/h2><div class=\"special-heading-border\"><div class=\"special-heading-inner-border\"><\/div><\/div><\/div><br \/>\n<section  class='av_textblock_section av-l63i5p9e-0ce2cbee08f68e4eb6c0fe5bc0fa84c6'  itemscope=\"itemscope\" itemtype=\"https:\/\/schema.org\/BlogPosting\" itemprop=\"blogPost\" ><div class='avia_textblock'  itemprop=\"text\" ><p style=\"text-align: left;\">Husqvarna Automower\u00ae 315X &#8211; ein Premium Modell der X-Line Serie. M\u00e4ht komplexe Rasenfl\u00e4chen bis 1600 m2 und meistert auch enge Passagen und Steigungen bis zu 40 %. Normale Ladezeit 60min. Als Automower\u00ae der X-Line Serie ist der 315X mit Automower\u00ae Connect, GPS-unterst\u00fctzter Navigation, LED Frontlichtern und Gummisto\u00dfstange ausgestattet. Automower\u00ae Connect erm\u00f6glicht Ihnen die volle Kontrolle \u00fcber den M\u00e4her direkt auf Ihrem Smartphone.Sie k\u00f6nnen Start-, Stopp- und Parkbefehle senden, die Einstellungen \u00fcberpr\u00fcfen und ver\u00e4ndern, Alarm empfangen und im Fall eines Diebstahls die Position Ihres M\u00e4hers lokalisieren \u2013 egal wo Sie sich befinden.<\/p>\n<\/div><\/section><\/p><\/div><\/div><!--close column table wrapper. Autoclose: 1 -->\n<div class='flex_column_table av-w3qku-9bac20b343537bdcf2b79d8f1a99e264 sc-av_one_half av-break-at-tablet-flextable av-equal-height-column-flextable'>\n<style type=\"text\/css\" data-created_by=\"avia_inline_auto\" id=\"style-css-av-w3qku-9bac20b343537bdcf2b79d8f1a99e264\">\n#top .flex_column_table.av-equal-height-column-flextable.av-w3qku-9bac20b343537bdcf2b79d8f1a99e264{\nmargin-top:0px;\nmargin-bottom:0px;\n}\n.flex_column.av-w3qku-9bac20b343537bdcf2b79d8f1a99e264{\npadding:1% 1% 1% 1%;\nbackground-color:#e2e2e2;\n}\n<\/style>\n<div class='flex_column av-w3qku-9bac20b343537bdcf2b79d8f1a99e264 av_one_half  avia-builder-el-9  el_after_av_one_half  el_before_av_one_half  first no_margin av-break-at-tablet flex_column_table_cell av-equal-height-column av-align-middle column-top-margin'   ><p>\n<style type=\"text\/css\" data-created_by=\"avia_inline_auto\" id=\"style-css-av-l63i6w02-df9771042297fe929d44f1851a74b5b2\">\n#top .av-special-heading.av-l63i6w02-df9771042297fe929d44f1851a74b5b2{\npadding-bottom:10px;\n}\nbody .av-special-heading.av-l63i6w02-df9771042297fe929d44f1851a74b5b2 .av-special-heading-tag .heading-char{\nfont-size:25px;\n}\n.av-special-heading.av-l63i6w02-df9771042297fe929d44f1851a74b5b2 .av-subheading{\nfont-size:15px;\n}\n<\/style>\n<div  class='av-special-heading av-l63i6w02-df9771042297fe929d44f1851a74b5b2 av-special-heading-h2 blockquote modern-quote modern-right  avia-builder-el-10  el_before_av_textblock  avia-builder-el-first '><h2 class='av-special-heading-tag'  itemprop=\"headline\"  >HUSQVARNA AUTOMOWER\u00ae 435X AWD<\/h2><div class=\"special-heading-border\"><div class=\"special-heading-inner-border\"><\/div><\/div><\/div><br \/>\n<section  class='av_textblock_section av-l63i78ni-61bb0bfd4d1a1b34e97fdaabfc8f6e4d'  itemscope=\"itemscope\" itemtype=\"https:\/\/schema.org\/BlogPosting\" itemprop=\"blogPost\" ><div class='avia_textblock'  itemprop=\"text\" ><p style=\"text-align: right;\">Husqvarna Automower\u00ae 435X AWD &#8211; ein Pionier auf dem Markt f\u00fcr Roboterm\u00e4her. Ein Allrad-Modell, das Rasenfl\u00e4chen bis zu 3.500 m\u00b2 leicht macht und Hindernisse, unwegsames Gel\u00e4nde und Steigungen von beeindruckenden 70 % bew\u00e4ltigt. Der M\u00e4hroboter verf\u00fcgt \u00fcber ein X-Line-Design mit LED-Scheinwerfern, eine Hinderniserkennung und eine intuitive Bedienung mit Automower\u00ae Access. Ausgestattet mit Automower\u00ae Connect inklusive GPS-Diebstahlverfolgung.<\/p>\n<\/div><\/section><\/p><\/div>\n\n<style type=\"text\/css\" data-created_by=\"avia_inline_auto\" id=\"style-css-av-rysp2-f77a90dca4ab34df0d3df35a8759c91d\">\n#top .flex_column_table.av-equal-height-column-flextable.av-rysp2-f77a90dca4ab34df0d3df35a8759c91d{\nmargin-top:0px;\nmargin-bottom:0px;\n}\n<\/style>\n<div class='flex_column av-rysp2-f77a90dca4ab34df0d3df35a8759c91d av_one_half  avia-builder-el-12  el_after_av_one_half  el_before_av_one_fourth  no_margin av-break-at-tablet flex_column_table_cell av-equal-height-column av-align-middle column-top-margin'   ><style type=\"text\/css\" data-created_by=\"avia_inline_auto\" id=\"style-css-av-l63i6amz-b374a3e50ab8043dada37b9cbee06cfa\">\n.avia-image-container.av-l63i6amz-b374a3e50ab8043dada37b9cbee06cfa .av-image-caption-overlay-center{\ncolor:#ffffff;\n}\n<\/style>\n<div  class='avia-image-container av-l63i6amz-b374a3e50ab8043dada37b9cbee06cfa av-styling- avia-align-center  avia-builder-el-13  avia-builder-el-no-sibling '  itemprop=\"image\" itemscope=\"itemscope\" itemtype=\"https:\/\/schema.org\/ImageObject\" ><div class=\"avia-image-container-inner\"><div class=\"avia-image-overlay-wrap\"><img decoding=\"async\" class='wp-image-131 avia-img-lazy-loading-not-131 avia_image' src=\"https:\/\/www.wingelhofer.at\/landtechnik\/wp-content\/uploads\/sites\/2\/2022\/07\/csm_H310-1892_d261d75097.png\" alt='' title='csm_H310-1892_d261d75097'  height=\"576\" width=\"1200\"  itemprop=\"thumbnailUrl\" srcset=\"https:\/\/www.wingelhofer.at\/landtechnik\/wp-content\/uploads\/sites\/2\/2022\/07\/csm_H310-1892_d261d75097.png 1200w, https:\/\/www.wingelhofer.at\/landtechnik\/wp-content\/uploads\/sites\/2\/2022\/07\/csm_H310-1892_d261d75097-300x144.png 300w, https:\/\/www.wingelhofer.at\/landtechnik\/wp-content\/uploads\/sites\/2\/2022\/07\/csm_H310-1892_d261d75097-1030x494.png 1030w, https:\/\/www.wingelhofer.at\/landtechnik\/wp-content\/uploads\/sites\/2\/2022\/07\/csm_H310-1892_d261d75097-768x369.png 768w, https:\/\/www.wingelhofer.at\/landtechnik\/wp-content\/uploads\/sites\/2\/2022\/07\/csm_H310-1892_d261d75097-705x338.png 705w\" sizes=\"(max-width: 1200px) 100vw, 1200px\" \/><\/div><\/div><\/div><\/div><\/div><!--close column table wrapper. Autoclose: 1 -->\n<div class='flex_column av-mnpu6-124a20165a0993e2605e1a06e158a463 av_one_fourth  avia-builder-el-14  el_after_av_one_half  el_before_av_one_half  first av-break-at-tablet flex_column_div av-hide-on-mobile column-top-margin'   ><\/div>\n<div class='flex_column av-eeppi-44576903465d9290a308672cba4b22c5 av_one_half  avia-builder-el-15  el_after_av_one_fourth  el_before_av_one_fourth  av-break-at-tablet flex_column_div column-top-margin'   ><section  class='av_textblock_section av-l63i8kuy-6921f37896b169a7fad936f4b95b6ec4'  itemscope=\"itemscope\" itemtype=\"https:\/\/schema.org\/BlogPosting\" itemprop=\"blogPost\" ><div class='avia_textblock'  itemprop=\"text\" ><p style=\"text-align: center;\"><a href=\"https:\/\/www.husqvarna.com\/at\/produkte\/mahroboter\/\" target=\"_blank\" rel=\"noopener\">N\u00e4here Infos und weitere Modelle von Husqvarna Rasenroboter finden sie hier &#8230;<\/a><\/p>\n<\/div><\/section><\/div>\n<div class='flex_column av-82lim-adb53be415069168a4c168db9e05e17d av_one_fourth  avia-builder-el-17  el_after_av_one_half  avia-builder-el-last  av-break-at-tablet flex_column_div av-hide-on-mobile column-top-margin'   ><\/div>\n","protected":false},"excerpt":{"rendered":"","protected":false},"author":3,"featured_media":135,"comment_status":"closed","ping_status":"closed","sticky":false,"template":"","format":"standard","meta":{"footnotes":""},"categories":[4],"tags":[],"class_list":["post-126","post","type-post","status-publish","format-standard","has-post-thumbnail","hentry","category-rasen-wald"],"yoast_head":"<!-- This site is optimized with the Yoast SEO plugin v27.5 - https:\/\/yoast.com\/product\/yoast-seo-wordpress\/ -->\n<title>Husqvarna Automower - Wingelhofer Landtechnik<\/title>\n<meta name=\"robots\" content=\"index, follow, max-snippet:-1, max-image-preview:large, max-video-preview:-1\" \/>\n<link rel=\"canonical\" href=\"https:\/\/www.wingelhofer.at\/landtechnik\/rasen-wald\/husqvarna-automower\/\" \/>\n<meta property=\"og:locale\" content=\"de_DE\" \/>\n<meta property=\"og:type\" content=\"article\" \/>\n<meta property=\"og:title\" content=\"Husqvarna Automower - Wingelhofer Landtechnik\" \/>\n<meta property=\"og:url\" content=\"https:\/\/www.wingelhofer.at\/landtechnik\/rasen-wald\/husqvarna-automower\/\" \/>\n<meta property=\"og:site_name\" content=\"Wingelhofer Landtechnik\" \/>\n<meta property=\"article:published_time\" content=\"2022-07-27T11:09:48+00:00\" \/>\n<meta property=\"article:modified_time\" content=\"2022-10-11T07:13:50+00:00\" \/>\n<meta property=\"og:image\" content=\"https:\/\/www.wingelhofer.at\/landtechnik\/wp-content\/uploads\/sites\/2\/2022\/07\/csm_H310-1892_d261d75097-1.png\" \/>\n\t<meta property=\"og:image:width\" content=\"495\" \/>\n\t<meta property=\"og:image:height\" content=\"238\" \/>\n\t<meta property=\"og:image:type\" content=\"image\/png\" \/>\n<meta name=\"author\" content=\"alex\" \/>\n<meta name=\"twitter:card\" content=\"summary_large_image\" \/>\n<meta name=\"twitter:label1\" content=\"Geschrieben von\" \/>\n\t<meta name=\"twitter:data1\" content=\"alex\" \/>\n\t<meta name=\"twitter:label2\" content=\"Gesch\u00e4tzte Lesezeit\" \/>\n\t<meta name=\"twitter:data2\" content=\"6\u00a0Minuten\" \/>\n<script type=\"application\/ld+json\" class=\"yoast-schema-graph\">{\"@context\":\"https:\\\/\\\/schema.org\",\"@graph\":[{\"@type\":\"Article\",\"@id\":\"https:\\\/\\\/www.wingelhofer.at\\\/landtechnik\\\/rasen-wald\\\/husqvarna-automower\\\/#article\",\"isPartOf\":{\"@id\":\"https:\\\/\\\/www.wingelhofer.at\\\/landtechnik\\\/rasen-wald\\\/husqvarna-automower\\\/\"},\"author\":{\"name\":\"alex\",\"@id\":\"https:\\\/\\\/www.wingelhofer.at\\\/landtechnik\\\/#\\\/schema\\\/person\\\/f7d3018ac5777f513421db0df0e0b104\"},\"headline\":\"Husqvarna Automower\",\"datePublished\":\"2022-07-27T11:09:48+00:00\",\"dateModified\":\"2022-10-11T07:13:50+00:00\",\"mainEntityOfPage\":{\"@id\":\"https:\\\/\\\/www.wingelhofer.at\\\/landtechnik\\\/rasen-wald\\\/husqvarna-automower\\\/\"},\"wordCount\":2235,\"image\":{\"@id\":\"https:\\\/\\\/www.wingelhofer.at\\\/landtechnik\\\/rasen-wald\\\/husqvarna-automower\\\/#primaryimage\"},\"thumbnailUrl\":\"https:\\\/\\\/www.wingelhofer.at\\\/landtechnik\\\/wp-content\\\/uploads\\\/sites\\\/2\\\/2022\\\/07\\\/csm_H310-1892_d261d75097-1.png\",\"articleSection\":[\"Rasen &amp; Wald\"],\"inLanguage\":\"de\"},{\"@type\":\"WebPage\",\"@id\":\"https:\\\/\\\/www.wingelhofer.at\\\/landtechnik\\\/rasen-wald\\\/husqvarna-automower\\\/\",\"url\":\"https:\\\/\\\/www.wingelhofer.at\\\/landtechnik\\\/rasen-wald\\\/husqvarna-automower\\\/\",\"name\":\"Husqvarna Automower - Wingelhofer Landtechnik\",\"isPartOf\":{\"@id\":\"https:\\\/\\\/www.wingelhofer.at\\\/landtechnik\\\/#website\"},\"primaryImageOfPage\":{\"@id\":\"https:\\\/\\\/www.wingelhofer.at\\\/landtechnik\\\/rasen-wald\\\/husqvarna-automower\\\/#primaryimage\"},\"image\":{\"@id\":\"https:\\\/\\\/www.wingelhofer.at\\\/landtechnik\\\/rasen-wald\\\/husqvarna-automower\\\/#primaryimage\"},\"thumbnailUrl\":\"https:\\\/\\\/www.wingelhofer.at\\\/landtechnik\\\/wp-content\\\/uploads\\\/sites\\\/2\\\/2022\\\/07\\\/csm_H310-1892_d261d75097-1.png\",\"datePublished\":\"2022-07-27T11:09:48+00:00\",\"dateModified\":\"2022-10-11T07:13:50+00:00\",\"author\":{\"@id\":\"https:\\\/\\\/www.wingelhofer.at\\\/landtechnik\\\/#\\\/schema\\\/person\\\/f7d3018ac5777f513421db0df0e0b104\"},\"breadcrumb\":{\"@id\":\"https:\\\/\\\/www.wingelhofer.at\\\/landtechnik\\\/rasen-wald\\\/husqvarna-automower\\\/#breadcrumb\"},\"inLanguage\":\"de\",\"potentialAction\":[{\"@type\":\"ReadAction\",\"target\":[\"https:\\\/\\\/www.wingelhofer.at\\\/landtechnik\\\/rasen-wald\\\/husqvarna-automower\\\/\"]}]},{\"@type\":\"ImageObject\",\"inLanguage\":\"de\",\"@id\":\"https:\\\/\\\/www.wingelhofer.at\\\/landtechnik\\\/rasen-wald\\\/husqvarna-automower\\\/#primaryimage\",\"url\":\"https:\\\/\\\/www.wingelhofer.at\\\/landtechnik\\\/wp-content\\\/uploads\\\/sites\\\/2\\\/2022\\\/07\\\/csm_H310-1892_d261d75097-1.png\",\"contentUrl\":\"https:\\\/\\\/www.wingelhofer.at\\\/landtechnik\\\/wp-content\\\/uploads\\\/sites\\\/2\\\/2022\\\/07\\\/csm_H310-1892_d261d75097-1.png\",\"width\":495,\"height\":238},{\"@type\":\"BreadcrumbList\",\"@id\":\"https:\\\/\\\/www.wingelhofer.at\\\/landtechnik\\\/rasen-wald\\\/husqvarna-automower\\\/#breadcrumb\",\"itemListElement\":[{\"@type\":\"ListItem\",\"position\":1,\"name\":\"Startseite\",\"item\":\"https:\\\/\\\/www.wingelhofer.at\\\/landtechnik\\\/landtechnik\\\/\"},{\"@type\":\"ListItem\",\"position\":2,\"name\":\"Husqvarna Automower\"}]},{\"@type\":\"WebSite\",\"@id\":\"https:\\\/\\\/www.wingelhofer.at\\\/landtechnik\\\/#website\",\"url\":\"https:\\\/\\\/www.wingelhofer.at\\\/landtechnik\\\/\",\"name\":\"Wingelhofer Landtechnik\",\"description\":\"Eine weitere Wingelhofer & S\u00f6hne Websites Website\",\"potentialAction\":[{\"@type\":\"SearchAction\",\"target\":{\"@type\":\"EntryPoint\",\"urlTemplate\":\"https:\\\/\\\/www.wingelhofer.at\\\/landtechnik\\\/?s={search_term_string}\"},\"query-input\":{\"@type\":\"PropertyValueSpecification\",\"valueRequired\":true,\"valueName\":\"search_term_string\"}}],\"inLanguage\":\"de\"},{\"@type\":\"Person\",\"@id\":\"https:\\\/\\\/www.wingelhofer.at\\\/landtechnik\\\/#\\\/schema\\\/person\\\/f7d3018ac5777f513421db0df0e0b104\",\"name\":\"alex\",\"image\":{\"@type\":\"ImageObject\",\"inLanguage\":\"de\",\"@id\":\"https:\\\/\\\/secure.gravatar.com\\\/avatar\\\/7dc000820bab53d1e584af263fe6d4f9133557b5e0a6f573d3b8713ce8629c9f?s=96&d=mm&r=g\",\"url\":\"https:\\\/\\\/secure.gravatar.com\\\/avatar\\\/7dc000820bab53d1e584af263fe6d4f9133557b5e0a6f573d3b8713ce8629c9f?s=96&d=mm&r=g\",\"contentUrl\":\"https:\\\/\\\/secure.gravatar.com\\\/avatar\\\/7dc000820bab53d1e584af263fe6d4f9133557b5e0a6f573d3b8713ce8629c9f?s=96&d=mm&r=g\",\"caption\":\"alex\"},\"url\":\"https:\\\/\\\/www.wingelhofer.at\\\/landtechnik\\\/author\\\/alex\\\/\"}]}<\/script>\n<!-- \/ Yoast SEO plugin. -->","yoast_head_json":{"title":"Husqvarna Automower - Wingelhofer Landtechnik","robots":{"index":"index","follow":"follow","max-snippet":"max-snippet:-1","max-image-preview":"max-image-preview:large","max-video-preview":"max-video-preview:-1"},"canonical":"https:\/\/www.wingelhofer.at\/landtechnik\/rasen-wald\/husqvarna-automower\/","og_locale":"de_DE","og_type":"article","og_title":"Husqvarna Automower - Wingelhofer Landtechnik","og_url":"https:\/\/www.wingelhofer.at\/landtechnik\/rasen-wald\/husqvarna-automower\/","og_site_name":"Wingelhofer Landtechnik","article_published_time":"2022-07-27T11:09:48+00:00","article_modified_time":"2022-10-11T07:13:50+00:00","og_image":[{"width":495,"height":238,"url":"https:\/\/www.wingelhofer.at\/landtechnik\/wp-content\/uploads\/sites\/2\/2022\/07\/csm_H310-1892_d261d75097-1.png","type":"image\/png"}],"author":"alex","twitter_card":"summary_large_image","twitter_misc":{"Geschrieben von":"alex","Gesch\u00e4tzte Lesezeit":"6\u00a0Minuten"},"schema":{"@context":"https:\/\/schema.org","@graph":[{"@type":"Article","@id":"https:\/\/www.wingelhofer.at\/landtechnik\/rasen-wald\/husqvarna-automower\/#article","isPartOf":{"@id":"https:\/\/www.wingelhofer.at\/landtechnik\/rasen-wald\/husqvarna-automower\/"},"author":{"name":"alex","@id":"https:\/\/www.wingelhofer.at\/landtechnik\/#\/schema\/person\/f7d3018ac5777f513421db0df0e0b104"},"headline":"Husqvarna Automower","datePublished":"2022-07-27T11:09:48+00:00","dateModified":"2022-10-11T07:13:50+00:00","mainEntityOfPage":{"@id":"https:\/\/www.wingelhofer.at\/landtechnik\/rasen-wald\/husqvarna-automower\/"},"wordCount":2235,"image":{"@id":"https:\/\/www.wingelhofer.at\/landtechnik\/rasen-wald\/husqvarna-automower\/#primaryimage"},"thumbnailUrl":"https:\/\/www.wingelhofer.at\/landtechnik\/wp-content\/uploads\/sites\/2\/2022\/07\/csm_H310-1892_d261d75097-1.png","articleSection":["Rasen &amp; Wald"],"inLanguage":"de"},{"@type":"WebPage","@id":"https:\/\/www.wingelhofer.at\/landtechnik\/rasen-wald\/husqvarna-automower\/","url":"https:\/\/www.wingelhofer.at\/landtechnik\/rasen-wald\/husqvarna-automower\/","name":"Husqvarna Automower - Wingelhofer Landtechnik","isPartOf":{"@id":"https:\/\/www.wingelhofer.at\/landtechnik\/#website"},"primaryImageOfPage":{"@id":"https:\/\/www.wingelhofer.at\/landtechnik\/rasen-wald\/husqvarna-automower\/#primaryimage"},"image":{"@id":"https:\/\/www.wingelhofer.at\/landtechnik\/rasen-wald\/husqvarna-automower\/#primaryimage"},"thumbnailUrl":"https:\/\/www.wingelhofer.at\/landtechnik\/wp-content\/uploads\/sites\/2\/2022\/07\/csm_H310-1892_d261d75097-1.png","datePublished":"2022-07-27T11:09:48+00:00","dateModified":"2022-10-11T07:13:50+00:00","author":{"@id":"https:\/\/www.wingelhofer.at\/landtechnik\/#\/schema\/person\/f7d3018ac5777f513421db0df0e0b104"},"breadcrumb":{"@id":"https:\/\/www.wingelhofer.at\/landtechnik\/rasen-wald\/husqvarna-automower\/#breadcrumb"},"inLanguage":"de","potentialAction":[{"@type":"ReadAction","target":["https:\/\/www.wingelhofer.at\/landtechnik\/rasen-wald\/husqvarna-automower\/"]}]},{"@type":"ImageObject","inLanguage":"de","@id":"https:\/\/www.wingelhofer.at\/landtechnik\/rasen-wald\/husqvarna-automower\/#primaryimage","url":"https:\/\/www.wingelhofer.at\/landtechnik\/wp-content\/uploads\/sites\/2\/2022\/07\/csm_H310-1892_d261d75097-1.png","contentUrl":"https:\/\/www.wingelhofer.at\/landtechnik\/wp-content\/uploads\/sites\/2\/2022\/07\/csm_H310-1892_d261d75097-1.png","width":495,"height":238},{"@type":"BreadcrumbList","@id":"https:\/\/www.wingelhofer.at\/landtechnik\/rasen-wald\/husqvarna-automower\/#breadcrumb","itemListElement":[{"@type":"ListItem","position":1,"name":"Startseite","item":"https:\/\/www.wingelhofer.at\/landtechnik\/landtechnik\/"},{"@type":"ListItem","position":2,"name":"Husqvarna Automower"}]},{"@type":"WebSite","@id":"https:\/\/www.wingelhofer.at\/landtechnik\/#website","url":"https:\/\/www.wingelhofer.at\/landtechnik\/","name":"Wingelhofer Landtechnik","description":"Eine weitere Wingelhofer & S\u00f6hne Websites Website","potentialAction":[{"@type":"SearchAction","target":{"@type":"EntryPoint","urlTemplate":"https:\/\/www.wingelhofer.at\/landtechnik\/?s={search_term_string}"},"query-input":{"@type":"PropertyValueSpecification","valueRequired":true,"valueName":"search_term_string"}}],"inLanguage":"de"},{"@type":"Person","@id":"https:\/\/www.wingelhofer.at\/landtechnik\/#\/schema\/person\/f7d3018ac5777f513421db0df0e0b104","name":"alex","image":{"@type":"ImageObject","inLanguage":"de","@id":"https:\/\/secure.gravatar.com\/avatar\/7dc000820bab53d1e584af263fe6d4f9133557b5e0a6f573d3b8713ce8629c9f?s=96&d=mm&r=g","url":"https:\/\/secure.gravatar.com\/avatar\/7dc000820bab53d1e584af263fe6d4f9133557b5e0a6f573d3b8713ce8629c9f?s=96&d=mm&r=g","contentUrl":"https:\/\/secure.gravatar.com\/avatar\/7dc000820bab53d1e584af263fe6d4f9133557b5e0a6f573d3b8713ce8629c9f?s=96&d=mm&r=g","caption":"alex"},"url":"https:\/\/www.wingelhofer.at\/landtechnik\/author\/alex\/"}]}},"_links":{"self":[{"href":"https:\/\/www.wingelhofer.at\/landtechnik\/wp-json\/wp\/v2\/posts\/126","targetHints":{"allow":["GET"]}}],"collection":[{"href":"https:\/\/www.wingelhofer.at\/landtechnik\/wp-json\/wp\/v2\/posts"}],"about":[{"href":"https:\/\/www.wingelhofer.at\/landtechnik\/wp-json\/wp\/v2\/types\/post"}],"author":[{"embeddable":true,"href":"https:\/\/www.wingelhofer.at\/landtechnik\/wp-json\/wp\/v2\/users\/3"}],"replies":[{"embeddable":true,"href":"https:\/\/www.wingelhofer.at\/landtechnik\/wp-json\/wp\/v2\/comments?post=126"}],"version-history":[{"count":5,"href":"https:\/\/www.wingelhofer.at\/landtechnik\/wp-json\/wp\/v2\/posts\/126\/revisions"}],"predecessor-version":[{"id":544,"href":"https:\/\/www.wingelhofer.at\/landtechnik\/wp-json\/wp\/v2\/posts\/126\/revisions\/544"}],"wp:featuredmedia":[{"embeddable":true,"href":"https:\/\/www.wingelhofer.at\/landtechnik\/wp-json\/wp\/v2\/media\/135"}],"wp:attachment":[{"href":"https:\/\/www.wingelhofer.at\/landtechnik\/wp-json\/wp\/v2\/media?parent=126"}],"wp:term":[{"taxonomy":"category","embeddable":true,"href":"https:\/\/www.wingelhofer.at\/landtechnik\/wp-json\/wp\/v2\/categories?post=126"},{"taxonomy":"post_tag","embeddable":true,"href":"https:\/\/www.wingelhofer.at\/landtechnik\/wp-json\/wp\/v2\/tags?post=126"}],"curies":[{"name":"wp","href":"https:\/\/api.w.org\/{rel}","templated":true}]}}