{"id":153,"date":"2022-07-27T13:38:14","date_gmt":"2022-07-27T11:38:14","guid":{"rendered":"https:\/\/wp21.landwirt.com\/landtechnik\/?p=153"},"modified":"2022-10-10T10:26:12","modified_gmt":"2022-10-10T08:26:12","slug":"husqvarna-motorsaegen","status":"publish","type":"post","link":"https:\/\/www.wingelhofer.at\/landtechnik\/rasen-wald\/husqvarna-motorsaegen\/","title":{"rendered":"Husqvarna Motors\u00e4gen"},"content":{"rendered":"\n<style type=\"text\/css\" data-created_by=\"avia_inline_auto\" id=\"style-css-av-l63ivd2w-d0c1e2918363b1f03b82f759c11d03c8\">\n#top .av-special-heading.av-l63ivd2w-d0c1e2918363b1f03b82f759c11d03c8{\nmargin:0 0 2% 0;\npadding-bottom:10px;\n}\nbody .av-special-heading.av-l63ivd2w-d0c1e2918363b1f03b82f759c11d03c8 .av-special-heading-tag .heading-char{\nfont-size:25px;\n}\n.av-special-heading.av-l63ivd2w-d0c1e2918363b1f03b82f759c11d03c8 .av-subheading{\nfont-size:15px;\n}\n<\/style>\n<div  class='av-special-heading av-l63ivd2w-d0c1e2918363b1f03b82f759c11d03c8 av-special-heading-h1 blockquote modern-quote modern-centered  avia-builder-el-0  el_before_av_one_half  avia-builder-el-first '><h1 class='av-special-heading-tag'  itemprop=\"headline\"  >Husqvarna &#8211; Die richtige Motors\u00e4ge f\u00fcr Ihre Anforderungen<\/h1><div class=\"special-heading-border\"><div class=\"special-heading-inner-border\"><\/div><\/div><\/div>\n<div class='flex_column_table av-209rp5-5ed714cd52d612110c690002fe23ed68 sc-av_one_half av-equal-height-column-flextable'>\n<style type=\"text\/css\" data-created_by=\"avia_inline_auto\" id=\"style-css-av-209rp5-5ed714cd52d612110c690002fe23ed68\">\n#top .flex_column_table.av-equal-height-column-flextable.av-209rp5-5ed714cd52d612110c690002fe23ed68{\nmargin-top:0px;\nmargin-bottom:0px;\n}\n<\/style>\n<div class='flex_column av-209rp5-5ed714cd52d612110c690002fe23ed68 av_one_half  avia-builder-el-1  el_after_av_heading  el_before_av_one_half  first no_margin flex_column_table_cell av-equal-height-column av-align-middle '   ><style type=\"text\/css\" data-created_by=\"avia_inline_auto\" id=\"style-css-av-l63iwqqo-ab7bd3c4b1abf86157d4c6b944dcdc20\">\n.avia-image-container.av-l63iwqqo-ab7bd3c4b1abf86157d4c6b944dcdc20 .av-image-caption-overlay-center{\ncolor:#ffffff;\n}\n<\/style>\n<div  class='avia-image-container av-l63iwqqo-ab7bd3c4b1abf86157d4c6b944dcdc20 av-styling- avia-align-right  avia-builder-el-2  avia-builder-el-no-sibling '  itemprop=\"image\" itemscope=\"itemscope\" itemtype=\"https:\/\/schema.org\/ImageObject\" ><div class=\"avia-image-container-inner\"><div class=\"avia-image-overlay-wrap\"><img decoding=\"async\" class='wp-image-110 avia-img-lazy-loading-not-110 avia_image' src=\"https:\/\/www.wingelhofer.at\/landtechnik\/wp-content\/uploads\/sites\/2\/2022\/07\/Husqvarna_Schauraum6.jpg\" alt='' title='Husqvarna_Schauraum6'  height=\"480\" width=\"640\"  itemprop=\"thumbnailUrl\" srcset=\"https:\/\/www.wingelhofer.at\/landtechnik\/wp-content\/uploads\/sites\/2\/2022\/07\/Husqvarna_Schauraum6.jpg 640w, https:\/\/www.wingelhofer.at\/landtechnik\/wp-content\/uploads\/sites\/2\/2022\/07\/Husqvarna_Schauraum6-300x225.jpg 300w\" sizes=\"(max-width: 640px) 100vw, 640px\" \/><\/div><\/div><\/div><\/div>\n\n<style type=\"text\/css\" data-created_by=\"avia_inline_auto\" id=\"style-css-av-2ouqht-a9658cff6b2a408bdce9cdda7f5abb81\">\n#top .flex_column_table.av-equal-height-column-flextable.av-2ouqht-a9658cff6b2a408bdce9cdda7f5abb81{\nmargin-top:0px;\nmargin-bottom:0px;\n}\n.flex_column.av-2ouqht-a9658cff6b2a408bdce9cdda7f5abb81{\npadding:1% 1% 1% 1%;\n}\n<\/style>\n<div class='flex_column av-2ouqht-a9658cff6b2a408bdce9cdda7f5abb81 av_one_half  avia-builder-el-3  el_after_av_one_half  el_before_av_one_half  no_margin flex_column_table_cell av-equal-height-column av-align-middle '   ><p>\n<style type=\"text\/css\" data-created_by=\"avia_inline_auto\" id=\"style-css-av-l8jzre8b-462997161145c760aa24edbbc63e18c6\">\n#top .av-special-heading.av-l8jzre8b-462997161145c760aa24edbbc63e18c6{\npadding-bottom:10px;\n}\nbody .av-special-heading.av-l8jzre8b-462997161145c760aa24edbbc63e18c6 .av-special-heading-tag .heading-char{\nfont-size:25px;\n}\n.av-special-heading.av-l8jzre8b-462997161145c760aa24edbbc63e18c6 .av-subheading{\nfont-size:15px;\n}\n<\/style>\n<div  class='av-special-heading av-l8jzre8b-462997161145c760aa24edbbc63e18c6 av-special-heading-h2 blockquote modern-quote  avia-builder-el-4  el_before_av_textblock  avia-builder-el-first '><h2 class='av-special-heading-tag'  itemprop=\"headline\"  >Kraftvolle Leistung und Design, das Ihren individuellen Anspr\u00fcchen gerecht wird.<\/h2><div class=\"special-heading-border\"><div class=\"special-heading-inner-border\"><\/div><\/div><\/div><br \/>\n<section  class='av_textblock_section av-2inzz5-03d9bab04fa2704aeda0ae893ca49d0a'  itemscope=\"itemscope\" itemtype=\"https:\/\/schema.org\/BlogPosting\" itemprop=\"blogPost\" ><div class='avia_textblock'  itemprop=\"text\" ><p style=\"text-align: left;\">Unser Sortiment umfasst robuste Profi-S\u00e4gen f\u00fcrs F\u00e4llen und Entasten bis hin zu kompakten S\u00e4gen f\u00fcr Privatanwender zum Schneiden von Brennholz. Mit einer Husqvarna Motors\u00e4ge sind Sie perfekt f\u00fcr alle Aufgaben im Forst ger\u00fcstet.<\/p>\n<\/div><\/section><\/p><\/div><\/div><!--close column table wrapper. Autoclose: 1 -->\n<div class='flex_column_table av-1mpphd-6b64302f7ada9ab5efb2f13e1e8086cd sc-av_one_half av-equal-height-column-flextable'>\n<style type=\"text\/css\" data-created_by=\"avia_inline_auto\" id=\"style-css-av-1mpphd-6b64302f7ada9ab5efb2f13e1e8086cd\">\n#top .flex_column_table.av-equal-height-column-flextable.av-1mpphd-6b64302f7ada9ab5efb2f13e1e8086cd{\nmargin-top:0px;\nmargin-bottom:0px;\n}\n<\/style>\n<div class='flex_column av-1mpphd-6b64302f7ada9ab5efb2f13e1e8086cd av_one_half  avia-builder-el-6  el_after_av_one_half  el_before_av_one_half  first no_margin flex_column_table_cell av-equal-height-column av-align-middle column-top-margin'   ><style type=\"text\/css\" data-created_by=\"avia_inline_auto\" id=\"style-css-av-l63j41qr-9c1fb1e1a5a17e316353b09be70b849b\">\n.avia-image-container.av-l63j41qr-9c1fb1e1a5a17e316353b09be70b849b .av-image-caption-overlay-center{\ncolor:#ffffff;\n}\n<\/style>\n<div  class='avia-image-container av-l63j41qr-9c1fb1e1a5a17e316353b09be70b849b av-styling- avia-align-center  avia-builder-el-7  avia-builder-el-no-sibling '  itemprop=\"image\" itemscope=\"itemscope\" itemtype=\"https:\/\/schema.org\/ImageObject\" ><div class=\"avia-image-container-inner\"><div class=\"avia-image-overlay-wrap\"><img decoding=\"async\" class='wp-image-163 avia-img-lazy-loading-not-163 avia_image' src=\"https:\/\/www.wingelhofer.at\/landtechnik\/wp-content\/uploads\/sites\/2\/2022\/07\/csm_H110-0520_41dfa5cebe.png\" alt='' title='csm_H110-0520_41dfa5cebe'  height=\"736\" width=\"1200\"  itemprop=\"thumbnailUrl\" srcset=\"https:\/\/www.wingelhofer.at\/landtechnik\/wp-content\/uploads\/sites\/2\/2022\/07\/csm_H110-0520_41dfa5cebe.png 1200w, https:\/\/www.wingelhofer.at\/landtechnik\/wp-content\/uploads\/sites\/2\/2022\/07\/csm_H110-0520_41dfa5cebe-300x184.png 300w, https:\/\/www.wingelhofer.at\/landtechnik\/wp-content\/uploads\/sites\/2\/2022\/07\/csm_H110-0520_41dfa5cebe-1030x632.png 1030w, https:\/\/www.wingelhofer.at\/landtechnik\/wp-content\/uploads\/sites\/2\/2022\/07\/csm_H110-0520_41dfa5cebe-768x471.png 768w, https:\/\/www.wingelhofer.at\/landtechnik\/wp-content\/uploads\/sites\/2\/2022\/07\/csm_H110-0520_41dfa5cebe-705x432.png 705w\" sizes=\"(max-width: 1200px) 100vw, 1200px\" \/><\/div><\/div><\/div><\/div>\n\n<style type=\"text\/css\" data-created_by=\"avia_inline_auto\" id=\"style-css-av-1coj61-d5943c8c5788a380e226465fd11acc82\">\n#top .flex_column_table.av-equal-height-column-flextable.av-1coj61-d5943c8c5788a380e226465fd11acc82{\nmargin-top:0px;\nmargin-bottom:0px;\n}\n.flex_column.av-1coj61-d5943c8c5788a380e226465fd11acc82{\npadding:1% 1% 1% 1%;\nbackground-color:#e4e6e5;\n}\n<\/style>\n<div class='flex_column av-1coj61-d5943c8c5788a380e226465fd11acc82 av_one_half  avia-builder-el-8  el_after_av_one_half  el_before_av_one_half  no_margin flex_column_table_cell av-equal-height-column av-align-middle column-top-margin'   ><p>\n<style type=\"text\/css\" data-created_by=\"avia_inline_auto\" id=\"style-css-av-l63j1rw8-9c5ae86b23c800558ea84aae7d9f3655\">\n#top .av-special-heading.av-l63j1rw8-9c5ae86b23c800558ea84aae7d9f3655{\npadding-bottom:10px;\n}\nbody .av-special-heading.av-l63j1rw8-9c5ae86b23c800558ea84aae7d9f3655 .av-special-heading-tag .heading-char{\nfont-size:25px;\n}\n.av-special-heading.av-l63j1rw8-9c5ae86b23c800558ea84aae7d9f3655 .av-subheading{\nfont-size:15px;\n}\n<\/style>\n<div  class='av-special-heading av-l63j1rw8-9c5ae86b23c800558ea84aae7d9f3655 av-special-heading-h2 blockquote modern-quote  avia-builder-el-9  el_before_av_textblock  avia-builder-el-first '><h2 class='av-special-heading-tag'  itemprop=\"headline\"  >HUSQVARNA 545 Mark II<\/h2><div class=\"special-heading-border\"><div class=\"special-heading-inner-border\"><\/div><\/div><\/div><br \/>\n<section  class='av_textblock_section av-l63j24j1-f59208035bafc3efb5d5e959bb4d9eac'  itemscope=\"itemscope\" itemtype=\"https:\/\/schema.org\/BlogPosting\" itemprop=\"blogPost\" ><div class='avia_textblock'  itemprop=\"text\" ><p>Kraftvolle, langlebige und leicht zu man\u00f6vrierende 50-ccm-Kettens\u00e4ge zum F\u00e4llen und Entasten kleiner und mittlerer B\u00e4ume. Das Design und die Vielzahl innovativer Funktionen sorgen f\u00fcr eine effiziente, zuverl\u00e4ssige und komfortable Bedienung.<\/p>\n<p><a title=\"Opens internal link in current window\" href=\"https:\/\/www.husqvarna.com\/at\/produkte\/motorsagen\/545-mark-ii\/967690635\/\" target=\"_blank\" rel=\"noopener\">Weitere Infos erhalten sie hier&#8230;.<\/a><\/p>\n<\/div><\/section><\/p><\/div><\/div><!--close column table wrapper. Autoclose: 1 -->\n<div class='flex_column_table av-170ult-5969af59fc4bb2fc1d5cb70a495c4967 sc-av_one_half av-equal-height-column-flextable'>\n<style type=\"text\/css\" data-created_by=\"avia_inline_auto\" id=\"style-css-av-170ult-5969af59fc4bb2fc1d5cb70a495c4967\">\n#top .flex_column_table.av-equal-height-column-flextable.av-170ult-5969af59fc4bb2fc1d5cb70a495c4967{\nmargin-top:0px;\nmargin-bottom:-5%;\n}\n.flex_column.av-170ult-5969af59fc4bb2fc1d5cb70a495c4967{\npadding:1% 1% 1% 1%;\nbackground-color:#e4e6e5;\n}\n<\/style>\n<div class='flex_column av-170ult-5969af59fc4bb2fc1d5cb70a495c4967 av_one_half  avia-builder-el-11  el_after_av_one_half  el_before_av_one_half  first no_margin flex_column_table_cell av-equal-height-column av-align-middle column-top-margin'   ><p>\n<style type=\"text\/css\" data-created_by=\"avia_inline_auto\" id=\"style-css-av-l63j2g5z-0c357d4f57a15312e2886d0ead34084f\">\n#top .av-special-heading.av-l63j2g5z-0c357d4f57a15312e2886d0ead34084f{\npadding-bottom:10px;\n}\nbody .av-special-heading.av-l63j2g5z-0c357d4f57a15312e2886d0ead34084f .av-special-heading-tag .heading-char{\nfont-size:25px;\n}\n.av-special-heading.av-l63j2g5z-0c357d4f57a15312e2886d0ead34084f .av-subheading{\nfont-size:15px;\n}\n<\/style>\n<div  class='av-special-heading av-l63j2g5z-0c357d4f57a15312e2886d0ead34084f av-special-heading-h2 blockquote modern-quote modern-right  avia-builder-el-12  el_before_av_textblock  avia-builder-el-first '><h2 class='av-special-heading-tag'  itemprop=\"headline\"  >HUSQVARNA 550 XP\u00ae Mark II<\/h2><div class=\"special-heading-border\"><div class=\"special-heading-inner-border\"><\/div><\/div><\/div><br \/>\n<section  class='av_textblock_section av-l63j2rrn-e2a6fb556650250e79637d1757028aad'  itemscope=\"itemscope\" itemtype=\"https:\/\/schema.org\/BlogPosting\" itemprop=\"blogPost\" ><div class='avia_textblock'  itemprop=\"text\" ><p style=\"text-align: right;\">Kraftvolle, langlebige und leicht zu man\u00f6vrierende 50-ccm-Kettens\u00e4ge mit hervorragender Leistung und Schnittleistung. Geeignet zum F\u00e4llen und Entasten kleiner und mittlerer B\u00e4ume sowie zur anspruchsvollen Baumpflege. Das Design und die Vielzahl innovativer Funktionen sorgen f\u00fcr eine effiziente, zuverl\u00e4ssige und komfortable Bedienung.<\/p>\n<p style=\"text-align: right;\">\n<a title=\"Opens internal link in current window\" href=\"https:\/\/www.husqvarna.com\/at\/produkte\/motorsagen\/550-xp-mark-ii\/967690835\/\" target=\"_blank\" rel=\"noopener\">Weitere Informationen finden sie hier&#8230;<\/a><\/p>\n<\/div><\/section><\/p><\/div>\n\n<style type=\"text\/css\" data-created_by=\"avia_inline_auto\" id=\"style-css-av-14gx6x-5847d52d6d079a493aab199c4754c3ca\">\n#top .flex_column_table.av-equal-height-column-flextable.av-14gx6x-5847d52d6d079a493aab199c4754c3ca{\nmargin-top:0px;\nmargin-bottom:-5%;\n}\n<\/style>\n<div class='flex_column av-14gx6x-5847d52d6d079a493aab199c4754c3ca av_one_half  avia-builder-el-14  el_after_av_one_half  el_before_av_section  avia-builder-el-last  no_margin flex_column_table_cell av-equal-height-column av-align-middle column-top-margin'   ><style type=\"text\/css\" data-created_by=\"avia_inline_auto\" id=\"style-css-av-l63j4cnb-eb5c7b7da131b1a9594ece6fdaef8d88\">\n.avia-image-container.av-l63j4cnb-eb5c7b7da131b1a9594ece6fdaef8d88 .av-image-caption-overlay-center{\ncolor:#ffffff;\n}\n<\/style>\n<div  class='avia-image-container av-l63j4cnb-eb5c7b7da131b1a9594ece6fdaef8d88 av-styling- avia-align-center  avia-builder-el-15  avia-builder-el-no-sibling '  itemprop=\"image\" itemscope=\"itemscope\" itemtype=\"https:\/\/schema.org\/ImageObject\" ><div class=\"avia-image-container-inner\"><div class=\"avia-image-overlay-wrap\"><img decoding=\"async\" class='wp-image-164 avia-img-lazy-loading-not-164 avia_image' src=\"https:\/\/www.wingelhofer.at\/landtechnik\/wp-content\/uploads\/sites\/2\/2022\/07\/csm_H110-0518_6510d01529.png\" alt='' title='csm_H110-0518_6510d01529'  height=\"736\" width=\"1200\"  itemprop=\"thumbnailUrl\" srcset=\"https:\/\/www.wingelhofer.at\/landtechnik\/wp-content\/uploads\/sites\/2\/2022\/07\/csm_H110-0518_6510d01529.png 1200w, https:\/\/www.wingelhofer.at\/landtechnik\/wp-content\/uploads\/sites\/2\/2022\/07\/csm_H110-0518_6510d01529-300x184.png 300w, https:\/\/www.wingelhofer.at\/landtechnik\/wp-content\/uploads\/sites\/2\/2022\/07\/csm_H110-0518_6510d01529-1030x632.png 1030w, https:\/\/www.wingelhofer.at\/landtechnik\/wp-content\/uploads\/sites\/2\/2022\/07\/csm_H110-0518_6510d01529-768x471.png 768w, https:\/\/www.wingelhofer.at\/landtechnik\/wp-content\/uploads\/sites\/2\/2022\/07\/csm_H110-0518_6510d01529-705x432.png 705w\" sizes=\"(max-width: 1200px) 100vw, 1200px\" \/><\/div><\/div><\/div><\/div><\/div><!--close column table wrapper. Autoclose: 1 -->\n<\/div><\/div><\/div><!-- close content main div --><\/div><\/div>\n<style type=\"text\/css\" data-created_by=\"avia_inline_auto\" id=\"style-css-av-l8k08q1u-4144b2efcabcd65eb377a41645b8189b\">\n.avia-section.av-l8k08q1u-4144b2efcabcd65eb377a41645b8189b{\nbackground-color:#e4e6e5;\nmargin-top:0px;\nmargin-bottom:0px;\n}\n<\/style>\n<div id='av_section_1'  class='avia-section av-l8k08q1u-4144b2efcabcd65eb377a41645b8189b main_color avia-section-small avia-no-border-styling  avia-builder-el-16  el_after_av_one_half  avia-builder-el-last  avia-bg-style-scroll container_wrap fullsize'  ><div class='container av-section-cont-open' ><div class='template-page content  av-content-full alpha units'><div class='post-entry post-entry-type-page post-entry-153'><div class='entry-content-wrapper clearfix'>\n<div id='av-masonry-1' class='av-masonry av-l8jzw1jf-a7d5f9e6673afcf66d7f1291545b62e7 noHover av-fixed-size av-large-gap av-hover-overlay-active av-masonry-animation-active av-masonry-col-4 av-caption-always av-caption-style- av-masonry-gallery av-orientation-landscape-large '><div class=\"av-masonry-container isotope av-js-disabled\"><div class='av-masonry-entry isotope-item av-masonry-item-no-image '><\/div><a href=\"https:\/\/www.wingelhofer.at\/landtechnik\/wp-content\/uploads\/sites\/2\/2022\/07\/H110-0222.png\" data-srcset=\"https:\/\/www.wingelhofer.at\/landtechnik\/wp-content\/uploads\/sites\/2\/2022\/07\/H110-0222.png 680w, https:\/\/www.wingelhofer.at\/landtechnik\/wp-content\/uploads\/sites\/2\/2022\/07\/H110-0222-300x152.png 300w\" data-sizes=\"(max-width: 680px) 100vw, 680px\"  aria-label=\"image H110-0222\"  id='av-masonry-1-item-378' data-av-masonry-item='378' class='av-masonry-entry isotope-item post-378 attachment type-attachment status-inherit hentry  av-masonry-item-with-image' title=\"\" alt=\"\"   itemprop=\"thumbnailUrl\" ><div class='av-inner-masonry-sizer'><\/div><figure class='av-inner-masonry main_color'><div class=\"av-masonry-outerimage-container\"><div class='av-masonry-image-container' style=\"background-image: url(https:\/\/www.wingelhofer.at\/landtechnik\/wp-content\/uploads\/sites\/2\/2022\/07\/H110-0222.png);\"  title=\"H110-0222\"  ><\/div><\/div><\/figure><\/a><!--end av-masonry entry--><a href=\"https:\/\/www.wingelhofer.at\/landtechnik\/wp-content\/uploads\/sites\/2\/2022\/07\/H110-0287.png\" data-srcset=\"https:\/\/www.wingelhofer.at\/landtechnik\/wp-content\/uploads\/sites\/2\/2022\/07\/H110-0287.png 680w, https:\/\/www.wingelhofer.at\/landtechnik\/wp-content\/uploads\/sites\/2\/2022\/07\/H110-0287-300x182.png 300w\" data-sizes=\"(max-width: 680px) 100vw, 680px\"  aria-label=\"image H110-0287\"  id='av-masonry-1-item-379' data-av-masonry-item='379' class='av-masonry-entry isotope-item post-379 attachment type-attachment status-inherit hentry  av-masonry-item-with-image' title=\"\" alt=\"\"   itemprop=\"thumbnailUrl\" ><div class='av-inner-masonry-sizer'><\/div><figure class='av-inner-masonry main_color'><div class=\"av-masonry-outerimage-container\"><div class='av-masonry-image-container' style=\"background-image: url(https:\/\/www.wingelhofer.at\/landtechnik\/wp-content\/uploads\/sites\/2\/2022\/07\/H110-0287.png);\"  title=\"H110-0287\"  ><\/div><\/div><\/figure><\/a><!--end av-masonry entry--><a href=\"https:\/\/www.wingelhofer.at\/landtechnik\/wp-content\/uploads\/sites\/2\/2022\/07\/H110-0326.png\" data-srcset=\"https:\/\/www.wingelhofer.at\/landtechnik\/wp-content\/uploads\/sites\/2\/2022\/07\/H110-0326.png 680w, https:\/\/www.wingelhofer.at\/landtechnik\/wp-content\/uploads\/sites\/2\/2022\/07\/H110-0326-300x151.png 300w\" data-sizes=\"(max-width: 680px) 100vw, 680px\"  aria-label=\"image H110-0326\"  id='av-masonry-1-item-380' data-av-masonry-item='380' class='av-masonry-entry isotope-item post-380 attachment type-attachment status-inherit hentry  av-masonry-item-with-image' title=\"\" alt=\"\"   itemprop=\"thumbnailUrl\" ><div class='av-inner-masonry-sizer'><\/div><figure class='av-inner-masonry main_color'><div class=\"av-masonry-outerimage-container\"><div class='av-masonry-image-container' style=\"background-image: url(https:\/\/www.wingelhofer.at\/landtechnik\/wp-content\/uploads\/sites\/2\/2022\/07\/H110-0326.png);\"  title=\"H110-0326\"  ><\/div><\/div><\/figure><\/a><!--end av-masonry entry--><a href=\"https:\/\/www.wingelhofer.at\/landtechnik\/wp-content\/uploads\/sites\/2\/2022\/07\/H110-0421.png\" data-srcset=\"https:\/\/www.wingelhofer.at\/landtechnik\/wp-content\/uploads\/sites\/2\/2022\/07\/H110-0421.png 680w, https:\/\/www.wingelhofer.at\/landtechnik\/wp-content\/uploads\/sites\/2\/2022\/07\/H110-0421-300x154.png 300w\" data-sizes=\"(max-width: 680px) 100vw, 680px\"  aria-label=\"image H110-0421\"  id='av-masonry-1-item-381' data-av-masonry-item='381' class='av-masonry-entry isotope-item post-381 attachment type-attachment status-inherit hentry  av-masonry-item-with-image' title=\"\" alt=\"\"   itemprop=\"thumbnailUrl\" ><div class='av-inner-masonry-sizer'><\/div><figure class='av-inner-masonry main_color'><div class=\"av-masonry-outerimage-container\"><div class='av-masonry-image-container' style=\"background-image: url(https:\/\/www.wingelhofer.at\/landtechnik\/wp-content\/uploads\/sites\/2\/2022\/07\/H110-0421.png);\"  title=\"H110-0421\"  ><\/div><\/div><\/figure><\/a><!--end av-masonry entry--><\/div><\/div>\n\n","protected":false},"excerpt":{"rendered":"","protected":false},"author":3,"featured_media":154,"comment_status":"closed","ping_status":"closed","sticky":false,"template":"","format":"standard","meta":{"footnotes":""},"categories":[4],"tags":[],"class_list":["post-153","post","type-post","status-publish","format-standard","has-post-thumbnail","hentry","category-rasen-wald"],"yoast_head":"<!-- This site is optimized with the Yoast SEO plugin v27.5 - https:\/\/yoast.com\/product\/yoast-seo-wordpress\/ -->\n<title>Husqvarna Motors\u00e4gen - Wingelhofer Landtechnik<\/title>\n<meta name=\"robots\" content=\"index, follow, max-snippet:-1, max-image-preview:large, max-video-preview:-1\" \/>\n<link rel=\"canonical\" href=\"https:\/\/www.wingelhofer.at\/landtechnik\/rasen-wald\/husqvarna-motorsaegen\/\" \/>\n<meta property=\"og:locale\" content=\"de_DE\" \/>\n<meta property=\"og:type\" content=\"article\" \/>\n<meta property=\"og:title\" content=\"Husqvarna Motors\u00e4gen - Wingelhofer Landtechnik\" \/>\n<meta property=\"og:url\" content=\"https:\/\/www.wingelhofer.at\/landtechnik\/rasen-wald\/husqvarna-motorsaegen\/\" \/>\n<meta property=\"og:site_name\" content=\"Wingelhofer Landtechnik\" \/>\n<meta property=\"article:published_time\" content=\"2022-07-27T11:38:14+00:00\" \/>\n<meta property=\"article:modified_time\" content=\"2022-10-10T08:26:12+00:00\" \/>\n<meta property=\"og:image\" content=\"https:\/\/www.wingelhofer.at\/landtechnik\/wp-content\/uploads\/sites\/2\/2022\/07\/Husqvarna_Schauraum6-1.jpg\" \/>\n\t<meta property=\"og:image:width\" content=\"640\" \/>\n\t<meta property=\"og:image:height\" content=\"480\" \/>\n\t<meta property=\"og:image:type\" content=\"image\/jpeg\" \/>\n<meta name=\"author\" content=\"alex\" \/>\n<meta name=\"twitter:card\" content=\"summary_large_image\" \/>\n<meta name=\"twitter:label1\" content=\"Geschrieben von\" \/>\n\t<meta name=\"twitter:data1\" content=\"alex\" \/>\n\t<meta name=\"twitter:label2\" content=\"Gesch\u00e4tzte Lesezeit\" \/>\n\t<meta name=\"twitter:data2\" content=\"5\u00a0Minuten\" \/>\n<script type=\"application\/ld+json\" class=\"yoast-schema-graph\">{\"@context\":\"https:\\\/\\\/schema.org\",\"@graph\":[{\"@type\":\"Article\",\"@id\":\"https:\\\/\\\/www.wingelhofer.at\\\/landtechnik\\\/rasen-wald\\\/husqvarna-motorsaegen\\\/#article\",\"isPartOf\":{\"@id\":\"https:\\\/\\\/www.wingelhofer.at\\\/landtechnik\\\/rasen-wald\\\/husqvarna-motorsaegen\\\/\"},\"author\":{\"name\":\"alex\",\"@id\":\"https:\\\/\\\/www.wingelhofer.at\\\/landtechnik\\\/#\\\/schema\\\/person\\\/f7d3018ac5777f513421db0df0e0b104\"},\"headline\":\"Husqvarna Motors\u00e4gen\",\"datePublished\":\"2022-07-27T11:38:14+00:00\",\"dateModified\":\"2022-10-10T08:26:12+00:00\",\"mainEntityOfPage\":{\"@id\":\"https:\\\/\\\/www.wingelhofer.at\\\/landtechnik\\\/rasen-wald\\\/husqvarna-motorsaegen\\\/\"},\"wordCount\":2023,\"image\":{\"@id\":\"https:\\\/\\\/www.wingelhofer.at\\\/landtechnik\\\/rasen-wald\\\/husqvarna-motorsaegen\\\/#primaryimage\"},\"thumbnailUrl\":\"https:\\\/\\\/www.wingelhofer.at\\\/landtechnik\\\/wp-content\\\/uploads\\\/sites\\\/2\\\/2022\\\/07\\\/Husqvarna_Schauraum6-1.jpg\",\"articleSection\":[\"Rasen &amp; Wald\"],\"inLanguage\":\"de\"},{\"@type\":\"WebPage\",\"@id\":\"https:\\\/\\\/www.wingelhofer.at\\\/landtechnik\\\/rasen-wald\\\/husqvarna-motorsaegen\\\/\",\"url\":\"https:\\\/\\\/www.wingelhofer.at\\\/landtechnik\\\/rasen-wald\\\/husqvarna-motorsaegen\\\/\",\"name\":\"Husqvarna Motors\u00e4gen - Wingelhofer Landtechnik\",\"isPartOf\":{\"@id\":\"https:\\\/\\\/www.wingelhofer.at\\\/landtechnik\\\/#website\"},\"primaryImageOfPage\":{\"@id\":\"https:\\\/\\\/www.wingelhofer.at\\\/landtechnik\\\/rasen-wald\\\/husqvarna-motorsaegen\\\/#primaryimage\"},\"image\":{\"@id\":\"https:\\\/\\\/www.wingelhofer.at\\\/landtechnik\\\/rasen-wald\\\/husqvarna-motorsaegen\\\/#primaryimage\"},\"thumbnailUrl\":\"https:\\\/\\\/www.wingelhofer.at\\\/landtechnik\\\/wp-content\\\/uploads\\\/sites\\\/2\\\/2022\\\/07\\\/Husqvarna_Schauraum6-1.jpg\",\"datePublished\":\"2022-07-27T11:38:14+00:00\",\"dateModified\":\"2022-10-10T08:26:12+00:00\",\"author\":{\"@id\":\"https:\\\/\\\/www.wingelhofer.at\\\/landtechnik\\\/#\\\/schema\\\/person\\\/f7d3018ac5777f513421db0df0e0b104\"},\"breadcrumb\":{\"@id\":\"https:\\\/\\\/www.wingelhofer.at\\\/landtechnik\\\/rasen-wald\\\/husqvarna-motorsaegen\\\/#breadcrumb\"},\"inLanguage\":\"de\",\"potentialAction\":[{\"@type\":\"ReadAction\",\"target\":[\"https:\\\/\\\/www.wingelhofer.at\\\/landtechnik\\\/rasen-wald\\\/husqvarna-motorsaegen\\\/\"]}]},{\"@type\":\"ImageObject\",\"inLanguage\":\"de\",\"@id\":\"https:\\\/\\\/www.wingelhofer.at\\\/landtechnik\\\/rasen-wald\\\/husqvarna-motorsaegen\\\/#primaryimage\",\"url\":\"https:\\\/\\\/www.wingelhofer.at\\\/landtechnik\\\/wp-content\\\/uploads\\\/sites\\\/2\\\/2022\\\/07\\\/Husqvarna_Schauraum6-1.jpg\",\"contentUrl\":\"https:\\\/\\\/www.wingelhofer.at\\\/landtechnik\\\/wp-content\\\/uploads\\\/sites\\\/2\\\/2022\\\/07\\\/Husqvarna_Schauraum6-1.jpg\",\"width\":640,\"height\":480},{\"@type\":\"BreadcrumbList\",\"@id\":\"https:\\\/\\\/www.wingelhofer.at\\\/landtechnik\\\/rasen-wald\\\/husqvarna-motorsaegen\\\/#breadcrumb\",\"itemListElement\":[{\"@type\":\"ListItem\",\"position\":1,\"name\":\"Startseite\",\"item\":\"https:\\\/\\\/www.wingelhofer.at\\\/landtechnik\\\/landtechnik\\\/\"},{\"@type\":\"ListItem\",\"position\":2,\"name\":\"Husqvarna Motors\u00e4gen\"}]},{\"@type\":\"WebSite\",\"@id\":\"https:\\\/\\\/www.wingelhofer.at\\\/landtechnik\\\/#website\",\"url\":\"https:\\\/\\\/www.wingelhofer.at\\\/landtechnik\\\/\",\"name\":\"Wingelhofer Landtechnik\",\"description\":\"Eine weitere Wingelhofer & S\u00f6hne Websites Website\",\"potentialAction\":[{\"@type\":\"SearchAction\",\"target\":{\"@type\":\"EntryPoint\",\"urlTemplate\":\"https:\\\/\\\/www.wingelhofer.at\\\/landtechnik\\\/?s={search_term_string}\"},\"query-input\":{\"@type\":\"PropertyValueSpecification\",\"valueRequired\":true,\"valueName\":\"search_term_string\"}}],\"inLanguage\":\"de\"},{\"@type\":\"Person\",\"@id\":\"https:\\\/\\\/www.wingelhofer.at\\\/landtechnik\\\/#\\\/schema\\\/person\\\/f7d3018ac5777f513421db0df0e0b104\",\"name\":\"alex\",\"image\":{\"@type\":\"ImageObject\",\"inLanguage\":\"de\",\"@id\":\"https:\\\/\\\/secure.gravatar.com\\\/avatar\\\/7dc000820bab53d1e584af263fe6d4f9133557b5e0a6f573d3b8713ce8629c9f?s=96&d=mm&r=g\",\"url\":\"https:\\\/\\\/secure.gravatar.com\\\/avatar\\\/7dc000820bab53d1e584af263fe6d4f9133557b5e0a6f573d3b8713ce8629c9f?s=96&d=mm&r=g\",\"contentUrl\":\"https:\\\/\\\/secure.gravatar.com\\\/avatar\\\/7dc000820bab53d1e584af263fe6d4f9133557b5e0a6f573d3b8713ce8629c9f?s=96&d=mm&r=g\",\"caption\":\"alex\"},\"url\":\"https:\\\/\\\/www.wingelhofer.at\\\/landtechnik\\\/author\\\/alex\\\/\"}]}<\/script>\n<!-- \/ Yoast SEO plugin. -->","yoast_head_json":{"title":"Husqvarna Motors\u00e4gen - Wingelhofer Landtechnik","robots":{"index":"index","follow":"follow","max-snippet":"max-snippet:-1","max-image-preview":"max-image-preview:large","max-video-preview":"max-video-preview:-1"},"canonical":"https:\/\/www.wingelhofer.at\/landtechnik\/rasen-wald\/husqvarna-motorsaegen\/","og_locale":"de_DE","og_type":"article","og_title":"Husqvarna Motors\u00e4gen - Wingelhofer Landtechnik","og_url":"https:\/\/www.wingelhofer.at\/landtechnik\/rasen-wald\/husqvarna-motorsaegen\/","og_site_name":"Wingelhofer Landtechnik","article_published_time":"2022-07-27T11:38:14+00:00","article_modified_time":"2022-10-10T08:26:12+00:00","og_image":[{"width":640,"height":480,"url":"https:\/\/www.wingelhofer.at\/landtechnik\/wp-content\/uploads\/sites\/2\/2022\/07\/Husqvarna_Schauraum6-1.jpg","type":"image\/jpeg"}],"author":"alex","twitter_card":"summary_large_image","twitter_misc":{"Geschrieben von":"alex","Gesch\u00e4tzte Lesezeit":"5\u00a0Minuten"},"schema":{"@context":"https:\/\/schema.org","@graph":[{"@type":"Article","@id":"https:\/\/www.wingelhofer.at\/landtechnik\/rasen-wald\/husqvarna-motorsaegen\/#article","isPartOf":{"@id":"https:\/\/www.wingelhofer.at\/landtechnik\/rasen-wald\/husqvarna-motorsaegen\/"},"author":{"name":"alex","@id":"https:\/\/www.wingelhofer.at\/landtechnik\/#\/schema\/person\/f7d3018ac5777f513421db0df0e0b104"},"headline":"Husqvarna Motors\u00e4gen","datePublished":"2022-07-27T11:38:14+00:00","dateModified":"2022-10-10T08:26:12+00:00","mainEntityOfPage":{"@id":"https:\/\/www.wingelhofer.at\/landtechnik\/rasen-wald\/husqvarna-motorsaegen\/"},"wordCount":2023,"image":{"@id":"https:\/\/www.wingelhofer.at\/landtechnik\/rasen-wald\/husqvarna-motorsaegen\/#primaryimage"},"thumbnailUrl":"https:\/\/www.wingelhofer.at\/landtechnik\/wp-content\/uploads\/sites\/2\/2022\/07\/Husqvarna_Schauraum6-1.jpg","articleSection":["Rasen &amp; Wald"],"inLanguage":"de"},{"@type":"WebPage","@id":"https:\/\/www.wingelhofer.at\/landtechnik\/rasen-wald\/husqvarna-motorsaegen\/","url":"https:\/\/www.wingelhofer.at\/landtechnik\/rasen-wald\/husqvarna-motorsaegen\/","name":"Husqvarna Motors\u00e4gen - Wingelhofer Landtechnik","isPartOf":{"@id":"https:\/\/www.wingelhofer.at\/landtechnik\/#website"},"primaryImageOfPage":{"@id":"https:\/\/www.wingelhofer.at\/landtechnik\/rasen-wald\/husqvarna-motorsaegen\/#primaryimage"},"image":{"@id":"https:\/\/www.wingelhofer.at\/landtechnik\/rasen-wald\/husqvarna-motorsaegen\/#primaryimage"},"thumbnailUrl":"https:\/\/www.wingelhofer.at\/landtechnik\/wp-content\/uploads\/sites\/2\/2022\/07\/Husqvarna_Schauraum6-1.jpg","datePublished":"2022-07-27T11:38:14+00:00","dateModified":"2022-10-10T08:26:12+00:00","author":{"@id":"https:\/\/www.wingelhofer.at\/landtechnik\/#\/schema\/person\/f7d3018ac5777f513421db0df0e0b104"},"breadcrumb":{"@id":"https:\/\/www.wingelhofer.at\/landtechnik\/rasen-wald\/husqvarna-motorsaegen\/#breadcrumb"},"inLanguage":"de","potentialAction":[{"@type":"ReadAction","target":["https:\/\/www.wingelhofer.at\/landtechnik\/rasen-wald\/husqvarna-motorsaegen\/"]}]},{"@type":"ImageObject","inLanguage":"de","@id":"https:\/\/www.wingelhofer.at\/landtechnik\/rasen-wald\/husqvarna-motorsaegen\/#primaryimage","url":"https:\/\/www.wingelhofer.at\/landtechnik\/wp-content\/uploads\/sites\/2\/2022\/07\/Husqvarna_Schauraum6-1.jpg","contentUrl":"https:\/\/www.wingelhofer.at\/landtechnik\/wp-content\/uploads\/sites\/2\/2022\/07\/Husqvarna_Schauraum6-1.jpg","width":640,"height":480},{"@type":"BreadcrumbList","@id":"https:\/\/www.wingelhofer.at\/landtechnik\/rasen-wald\/husqvarna-motorsaegen\/#breadcrumb","itemListElement":[{"@type":"ListItem","position":1,"name":"Startseite","item":"https:\/\/www.wingelhofer.at\/landtechnik\/landtechnik\/"},{"@type":"ListItem","position":2,"name":"Husqvarna Motors\u00e4gen"}]},{"@type":"WebSite","@id":"https:\/\/www.wingelhofer.at\/landtechnik\/#website","url":"https:\/\/www.wingelhofer.at\/landtechnik\/","name":"Wingelhofer Landtechnik","description":"Eine weitere Wingelhofer & S\u00f6hne Websites Website","potentialAction":[{"@type":"SearchAction","target":{"@type":"EntryPoint","urlTemplate":"https:\/\/www.wingelhofer.at\/landtechnik\/?s={search_term_string}"},"query-input":{"@type":"PropertyValueSpecification","valueRequired":true,"valueName":"search_term_string"}}],"inLanguage":"de"},{"@type":"Person","@id":"https:\/\/www.wingelhofer.at\/landtechnik\/#\/schema\/person\/f7d3018ac5777f513421db0df0e0b104","name":"alex","image":{"@type":"ImageObject","inLanguage":"de","@id":"https:\/\/secure.gravatar.com\/avatar\/7dc000820bab53d1e584af263fe6d4f9133557b5e0a6f573d3b8713ce8629c9f?s=96&d=mm&r=g","url":"https:\/\/secure.gravatar.com\/avatar\/7dc000820bab53d1e584af263fe6d4f9133557b5e0a6f573d3b8713ce8629c9f?s=96&d=mm&r=g","contentUrl":"https:\/\/secure.gravatar.com\/avatar\/7dc000820bab53d1e584af263fe6d4f9133557b5e0a6f573d3b8713ce8629c9f?s=96&d=mm&r=g","caption":"alex"},"url":"https:\/\/www.wingelhofer.at\/landtechnik\/author\/alex\/"}]}},"_links":{"self":[{"href":"https:\/\/www.wingelhofer.at\/landtechnik\/wp-json\/wp\/v2\/posts\/153","targetHints":{"allow":["GET"]}}],"collection":[{"href":"https:\/\/www.wingelhofer.at\/landtechnik\/wp-json\/wp\/v2\/posts"}],"about":[{"href":"https:\/\/www.wingelhofer.at\/landtechnik\/wp-json\/wp\/v2\/types\/post"}],"author":[{"embeddable":true,"href":"https:\/\/www.wingelhofer.at\/landtechnik\/wp-json\/wp\/v2\/users\/3"}],"replies":[{"embeddable":true,"href":"https:\/\/www.wingelhofer.at\/landtechnik\/wp-json\/wp\/v2\/comments?post=153"}],"version-history":[{"count":3,"href":"https:\/\/www.wingelhofer.at\/landtechnik\/wp-json\/wp\/v2\/posts\/153\/revisions"}],"predecessor-version":[{"id":499,"href":"https:\/\/www.wingelhofer.at\/landtechnik\/wp-json\/wp\/v2\/posts\/153\/revisions\/499"}],"wp:featuredmedia":[{"embeddable":true,"href":"https:\/\/www.wingelhofer.at\/landtechnik\/wp-json\/wp\/v2\/media\/154"}],"wp:attachment":[{"href":"https:\/\/www.wingelhofer.at\/landtechnik\/wp-json\/wp\/v2\/media?parent=153"}],"wp:term":[{"taxonomy":"category","embeddable":true,"href":"https:\/\/www.wingelhofer.at\/landtechnik\/wp-json\/wp\/v2\/categories?post=153"},{"taxonomy":"post_tag","embeddable":true,"href":"https:\/\/www.wingelhofer.at\/landtechnik\/wp-json\/wp\/v2\/tags?post=153"}],"curies":[{"name":"wp","href":"https:\/\/api.w.org\/{rel}","templated":true}]}}